{"id":12119,"date":"2020-02-19T12:48:19","date_gmt":"2020-02-19T12:48:19","guid":{"rendered":"https:\/\/st-peters.aberdeen.sch.uk\/?p=12119"},"modified":"2020-02-23T16:51:20","modified_gmt":"2020-02-23T16:51:20","slug":"primary-6-term-3","status":"publish","type":"post","link":"https:\/\/st-peters.aberdeen.sch.uk\/?p=12119","title":{"rendered":"Primary 6 Term 3"},"content":{"rendered":"<p><strong>Primary 6 \u2013Term 3<\/strong><\/p>\n<p style=\"text-align: left;\"><strong>Literacy<\/strong><\/p>\n<p style=\"text-align: left;\">The children this term have started their new novel, &#8216;<strong>Wonder&#8217;<\/strong>. It tells the incredibly inspiring and heart-warming story of August Pullman who has to face a lot of challenges in his life.\u00a0 Kindness\u00a0<b>is<\/b>\u00a0the main\u00a0<b>theme<\/b> in &#8216;<b>Wonder&#8217;<\/b>. It helps us realize that a small, simple act of kindness\u00a0<b>can<\/b> make a big difference, and we have the ability to CHOOSE KIND.<a href=\"https:\/\/st-peters.aberdeen.sch.uk\/?attachment_id=12116\" rel=\"attachment wp-att-12116\"><img loading=\"lazy\" decoding=\"async\" class=\"aligncenter wp-image-12116 size-medium\" src=\"https:\/\/st-peters.aberdeen.sch.uk\/wp-content\/uploads\/2020\/02\/image-12-e1582476402783-300x243.jpg\" alt=\"\" width=\"300\" height=\"243\" srcset=\"https:\/\/st-peters.aberdeen.sch.uk\/wp-content\/uploads\/2020\/02\/image-12-e1582476402783-300x243.jpg 300w, https:\/\/st-peters.aberdeen.sch.uk\/wp-content\/uploads\/2020\/02\/image-12-e1582476402783.jpg 405w\" sizes=\"auto, (max-width: 300px) 100vw, 300px\" \/><\/a><\/p>\n<p style=\"text-align: left;\"><strong>Numeracy<\/strong><\/p>\n<p style=\"text-align: left;\">For the next 5 weeks we will explore our understanding of &#8220;Time&#8221;\u00a0 \u00a0We will look at 12 and 24 hour conversion, time intervals, calendars and how to use timetables (for example buses, trains etc)<\/p>\n<p><a href=\"https:\/\/st-peters.aberdeen.sch.uk\/?attachment_id=12112\" rel=\"attachment wp-att-12112\"><img loading=\"lazy\" decoding=\"async\" class=\"size-medium wp-image-12112 aligncenter\" src=\"https:\/\/st-peters.aberdeen.sch.uk\/wp-content\/uploads\/2020\/02\/image-8-224x300.jpg\" alt=\"\" width=\"224\" height=\"300\" srcset=\"https:\/\/st-peters.aberdeen.sch.uk\/wp-content\/uploads\/2020\/02\/image-8-224x300.jpg 224w, https:\/\/st-peters.aberdeen.sch.uk\/wp-content\/uploads\/2020\/02\/image-8.jpg 448w\" sizes=\"auto, (max-width: 224px) 100vw, 224px\" \/><\/a><\/p>\n<p><b>This Is Our Faith<\/b><\/p>\n<p>The class have been revisiting the Seven Sacraments, learning about the signs and symbols. <a href=\"https:\/\/st-peters.aberdeen.sch.uk\/wp-content\/uploads\/2020\/02\/seven-sacraments.png\"><img loading=\"lazy\" decoding=\"async\" class=\"wp-image-12129 aligncenter\" src=\"https:\/\/st-peters.aberdeen.sch.uk\/wp-content\/uploads\/2020\/02\/seven-sacraments-300x203.png\" alt=\"\" width=\"271\" height=\"187\" \/><\/a>They have developed a deeper understanding of them and have reflected on how they strengthen our relationships with God and others.<\/p>\n<p style=\"text-align: left;\"><strong>Topic<\/strong><\/p>\n<p style=\"text-align: left;\"><strong>Scots Dialect\u00a0 <\/strong>The children explored Doric and the Scots language in books, poems, and movies. We created a Word Wall for the new vocabulary we learned and then created mindmaps of all the things we believed were traditionally Scottish.\u00a0 We created poems in Scots to perform at our our <em>Celebrating Scotland<\/em> Assembly. Thank you to all who came to show their support and the children should be very proud of what they\u2019ve accomplished. Ask your child; \u2018Fit like?\u2019<a href=\"https:\/\/st-peters.aberdeen.sch.uk\/?attachment_id=12113\" rel=\"attachment wp-att-12113\"><img loading=\"lazy\" decoding=\"async\" class=\"size-medium wp-image-12113 aligncenter\" src=\"https:\/\/st-peters.aberdeen.sch.uk\/wp-content\/uploads\/2020\/02\/image-9-224x300.jpg\" alt=\"\" width=\"224\" height=\"300\" srcset=\"https:\/\/st-peters.aberdeen.sch.uk\/wp-content\/uploads\/2020\/02\/image-9-224x300.jpg 224w, https:\/\/st-peters.aberdeen.sch.uk\/wp-content\/uploads\/2020\/02\/image-9.jpg 448w\" sizes=\"auto, (max-width: 224px) 100vw, 224px\" \/><\/a><\/p>\n<p style=\"text-align: left;\"><strong>World War Two<\/strong><\/p>\n<p style=\"text-align: left;\">Our focus has now shifted to Our Historical World. We will be looking at the life of children in Scotland during the second World War.\u00a0 We will create a Timeline of Scottish History and learn about what happened before and after the war.\u00a0 We will explore how day to day living in Aberdeen changed during this time &#8211; school, rations, evacuees, blackouts etc.\u00a0 We will be visiting the Gordon Highlanders Museum as part of the Arts Across Learning programme.\u00a0 Miss MacDonald has already visited our class with her grandmother&#8217;s cape.\u00a0 Her grandmother was a nurse during World War Two and Miss MacDonald told us about her Granny, her life, her work and about the badges covering the cape.<\/p>\n<div id='gallery-1' class='gallery galleryid-12119 gallery-columns-2 gallery-size-medium'><figure class='gallery-item'>\n\t\t\t<div class='gallery-icon landscape'>\n\t\t\t\t<a href='https:\/\/st-peters.aberdeen.sch.uk\/?attachment_id=12110'><img loading=\"lazy\" decoding=\"async\" width=\"300\" height=\"224\" src=\"https:\/\/st-peters.aberdeen.sch.uk\/wp-content\/uploads\/2020\/02\/image-6-300x224.jpg\" class=\"attachment-medium size-medium\" alt=\"\" srcset=\"https:\/\/st-peters.aberdeen.sch.uk\/wp-content\/uploads\/2020\/02\/image-6-300x224.jpg 300w, https:\/\/st-peters.aberdeen.sch.uk\/wp-content\/uploads\/2020\/02\/image-6.jpg 600w\" sizes=\"auto, (max-width: 300px) 100vw, 300px\" \/><\/a>\n\t\t\t<\/div><\/figure><figure class='gallery-item'>\n\t\t\t<div class='gallery-icon landscape'>\n\t\t\t\t<a href='https:\/\/st-peters.aberdeen.sch.uk\/?attachment_id=12108'><img loading=\"lazy\" decoding=\"async\" width=\"300\" height=\"224\" src=\"https:\/\/st-peters.aberdeen.sch.uk\/wp-content\/uploads\/2020\/02\/image-4-300x224.jpg\" class=\"attachment-medium size-medium\" alt=\"\" srcset=\"https:\/\/st-peters.aberdeen.sch.uk\/wp-content\/uploads\/2020\/02\/image-4-300x224.jpg 300w, https:\/\/st-peters.aberdeen.sch.uk\/wp-content\/uploads\/2020\/02\/image-4.jpg 600w\" sizes=\"auto, (max-width: 300px) 100vw, 300px\" \/><\/a>\n\t\t\t<\/div><\/figure>\n\t\t<\/div>\n\n<p><strong>Mandarin<\/strong><\/p>\n<p>The P6 children were very lucky to be given insight into Chinese culture for the Chinese New Year, the Year of the Rat! We listened to a traditional instrument known as a Hulus (\u846b\u82a6\u4e1dpinyin: H\u00fal\u00fas\u012b). It is a flute made from gourd and bamboo. Next, we were split into groups where we created traditional Chinese firecrackers and practised Chinese calligraphy.<\/p>\n<p><strong>Science<\/strong><\/p>\n<p>The Marine Biology students from the University of Aberdeen were also kind enough to visit Primary 6 to help raise awareness of ocean pollution and the sea life that are affected. The children experienced various stations to learn about food chains, wildlife in the ocean and the impact of human habits. We collected stamps on our certificates as we went around the stations.<\/p>\n<p>&nbsp;<\/p>\n","protected":false},"excerpt":{"rendered":"<p>Primary 6 \u2013Term 3 Literacy The children this term have started their new novel, &#8216;Wonder&#8217;. It tells the incredibly inspiring<\/p>\n","protected":false},"author":2,"featured_media":12109,"comment_status":"closed","ping_status":"closed","sticky":false,"template":"","format":"standard","meta":{"colormag_page_container_layout":"default_layout","colormag_page_sidebar_layout":"default_layout","footnotes":""},"categories":[135,1],"tags":[],"class_list":["post-12119","post","type-post","status-publish","format-standard","has-post-thumbnail","hentry","category-p6-2019","category-uncategorized"],"_links":{"self":[{"href":"https:\/\/st-peters.aberdeen.sch.uk\/index.php?rest_route=\/wp\/v2\/posts\/12119","targetHints":{"allow":["GET"]}}],"collection":[{"href":"https:\/\/st-peters.aberdeen.sch.uk\/index.php?rest_route=\/wp\/v2\/posts"}],"about":[{"href":"https:\/\/st-peters.aberdeen.sch.uk\/index.php?rest_route=\/wp\/v2\/types\/post"}],"author":[{"embeddable":true,"href":"https:\/\/st-peters.aberdeen.sch.uk\/index.php?rest_route=\/wp\/v2\/users\/2"}],"replies":[{"embeddable":true,"href":"https:\/\/st-peters.aberdeen.sch.uk\/index.php?rest_route=%2Fwp%2Fv2%2Fcomments&post=12119"}],"version-history":[{"count":5,"href":"https:\/\/st-peters.aberdeen.sch.uk\/index.php?rest_route=\/wp\/v2\/posts\/12119\/revisions"}],"predecessor-version":[{"id":12130,"href":"https:\/\/st-peters.aberdeen.sch.uk\/index.php?rest_route=\/wp\/v2\/posts\/12119\/revisions\/12130"}],"wp:featuredmedia":[{"embeddable":true,"href":"https:\/\/st-peters.aberdeen.sch.uk\/index.php?rest_route=\/wp\/v2\/media\/12109"}],"wp:attachment":[{"href":"https:\/\/st-peters.aberdeen.sch.uk\/index.php?rest_route=%2Fwp%2Fv2%2Fmedia&parent=12119"}],"wp:term":[{"taxonomy":"category","embeddable":true,"href":"https:\/\/st-peters.aberdeen.sch.uk\/index.php?rest_route=%2Fwp%2Fv2%2Fcategories&post=12119"},{"taxonomy":"post_tag","embeddable":true,"href":"https:\/\/st-peters.aberdeen.sch.uk\/index.php?rest_route=%2Fwp%2Fv2%2Ftags&post=12119"}],"curies":[{"name":"wp","href":"https:\/\/api.w.org\/{rel}","templated":true}]}}