{"id":4759,"date":"2016-03-26T15:07:11","date_gmt":"2016-03-26T15:07:11","guid":{"rendered":"http:\/\/st-peters.aberdeen.sch.uk\/?p=4759"},"modified":"2016-03-26T15:07:11","modified_gmt":"2016-03-26T15:07:11","slug":"gardening-get-together-day-on-sat-23rd-april","status":"publish","type":"post","link":"https:\/\/st-peters.aberdeen.sch.uk\/?p=4759","title":{"rendered":"Gardening Get Together Day on Sat 23rd April"},"content":{"rendered":"<p class=\"Normalny\"><strong><img loading=\"lazy\" decoding=\"async\" class=\"alignleft\" src=\"\/wp\/wp-content\/uploads\/2016\/03\/_d_improd_\/Garden-Get-together-e1459004422153_f_improf_143x211.png\" alt=\"\" width=\"143\" height=\"211\" data-mce-width=\"0.3999999999999986\" data-mce-height=\"0.3999999999999986\" \/>Gardening Get Together<\/strong> \u2013\u00a0<em><span class=\"Normalny__Char\">Zapraszamy do ogrodu<\/span><\/em><\/p>\n<p class=\"Normalny\">\u00a0<strong>SATURDAY 23rd APRIL 1pm &#8211; 4pm<\/strong> \u2013<\/p>\n<p class=\"Normalny\"><em><span class=\"Normalny__Char\">\u00a0Sobota 23 kwietnia mi\u0119dzy 13.00 a 16.00<\/span><\/em><\/p>\n<p class=\"Normalny\">\u00a0<strong>We would like to invite you and your family to help us brighten up the school garden and playground.<\/strong> \u2013\u00a0<em><span class=\"Normalny__Char\">Zapraszamy Ci\u0119 serdecznie wraz z ca\u0142\u0105 Twoj\u0105 rodzin\u0105 do pomocy przy od\u015bwie\u017ceniu szkolnego ogr\u00f3dka i placu zabaw.<\/span><\/em><\/p>\n<p class=\"Normalny\"><strong>Please come and join us for an afternoon of planting, pruning, painting, fixing and digging along with a cup of tea.<\/strong> \u2013 <em><span class=\"Normalny__Char\">Do\u0142\u0105cz do nas na popo\u0142udniowe sadzenie, przycinanie, malowanie<\/span><span class=\"Normalny__Char\">\u00a0<\/span><span class=\"Normalny__Char\">i plewienie &#8211; z przerwami na herbatk\u0119.<\/span><\/em><\/p>\n<p class=\"Normalny\">\u00a0<strong>No gardening experience required, we have lots of different jobs for everyone to help with<\/strong><\/p>\n<p class=\"Normalny\"><em><span class=\"Normalny__Char\">Nie martw si\u0119 je\u015bli nie masz do\u015bwiadczenia, mamy mn\u00f3stwo r\u00f3\u017cnorodnych prac przy kt\u00f3rych mo\u017cesz pom\u00f3c<\/span><\/em><\/p>\n<p class=\"Normalny\"><strong>There will be a friendly bunch of parents there all afternoon, so pop in past when you can and remember to take your gloves!<\/strong><\/p>\n<p class=\"Normalny\"><em><span class=\"Normalny__Char\">Przez ca\u0142e popo\u0142udnie b\u0119dzie obecne przyjacielskie grono rodzic\u00f3w, wi\u0119c zajrzyj do nas koniecznie. Nie zapomnij zabra\u0107 r\u0119kawic!<\/span><\/em><\/p>\n<p class=\"Normalny\"><strong>Thank you, The Parent Council<\/strong>\u00a0 \u00a0 \u00a0 \u00a0<em><span class=\"Normalny__Char\">Dzi\u0119kujemy, Rada Rodzic\u00f3w<\/span><\/em><\/p>\n","protected":false},"excerpt":{"rendered":"<p>Gardening Get Together \u2013\u00a0Zapraszamy do ogrodu \u00a0SATURDAY 23rd APRIL 1pm &#8211; 4pm \u2013 \u00a0Sobota 23 kwietnia mi\u0119dzy 13.00 a 16.00<\/p>\n","protected":false},"author":2,"featured_media":4758,"comment_status":"closed","ping_status":"closed","sticky":false,"template":"","format":"standard","meta":{"colormag_page_container_layout":"default_layout","colormag_page_sidebar_layout":"default_layout","footnotes":""},"categories":[7],"tags":[],"class_list":["post-4759","post","type-post","status-publish","format-standard","has-post-thumbnail","hentry","category-parent-council"],"_links":{"self":[{"href":"https:\/\/st-peters.aberdeen.sch.uk\/index.php?rest_route=\/wp\/v2\/posts\/4759","targetHints":{"allow":["GET"]}}],"collection":[{"href":"https:\/\/st-peters.aberdeen.sch.uk\/index.php?rest_route=\/wp\/v2\/posts"}],"about":[{"href":"https:\/\/st-peters.aberdeen.sch.uk\/index.php?rest_route=\/wp\/v2\/types\/post"}],"author":[{"embeddable":true,"href":"https:\/\/st-peters.aberdeen.sch.uk\/index.php?rest_route=\/wp\/v2\/users\/2"}],"replies":[{"embeddable":true,"href":"https:\/\/st-peters.aberdeen.sch.uk\/index.php?rest_route=%2Fwp%2Fv2%2Fcomments&post=4759"}],"version-history":[{"count":1,"href":"https:\/\/st-peters.aberdeen.sch.uk\/index.php?rest_route=\/wp\/v2\/posts\/4759\/revisions"}],"predecessor-version":[{"id":4760,"href":"https:\/\/st-peters.aberdeen.sch.uk\/index.php?rest_route=\/wp\/v2\/posts\/4759\/revisions\/4760"}],"wp:featuredmedia":[{"embeddable":true,"href":"https:\/\/st-peters.aberdeen.sch.uk\/index.php?rest_route=\/wp\/v2\/media\/4758"}],"wp:attachment":[{"href":"https:\/\/st-peters.aberdeen.sch.uk\/index.php?rest_route=%2Fwp%2Fv2%2Fmedia&parent=4759"}],"wp:term":[{"taxonomy":"category","embeddable":true,"href":"https:\/\/st-peters.aberdeen.sch.uk\/index.php?rest_route=%2Fwp%2Fv2%2Fcategories&post=4759"},{"taxonomy":"post_tag","embeddable":true,"href":"https:\/\/st-peters.aberdeen.sch.uk\/index.php?rest_route=%2Fwp%2Fv2%2Ftags&post=4759"}],"curies":[{"name":"wp","href":"https:\/\/api.w.org\/{rel}","templated":true}]}}