{"id":8156,"date":"2017-12-23T23:53:19","date_gmt":"2017-12-23T23:53:19","guid":{"rendered":"https:\/\/st-peters.aberdeen.sch.uk\/?p=8156"},"modified":"2017-12-23T23:53:19","modified_gmt":"2017-12-23T23:53:19","slug":"christmas-in-p6-7-red","status":"publish","type":"post","link":"https:\/\/st-peters.aberdeen.sch.uk\/?p=8156","title":{"rendered":"Christmas in P6\/7 Red"},"content":{"rendered":"<p>&nbsp;<\/p>\n<div id='gallery-1' class='gallery galleryid-8156 gallery-columns-3 gallery-size-large'><figure class='gallery-item'>\n\t\t\t<div class='gallery-icon landscape'>\n\t\t\t\t<a href='https:\/\/st-peters.aberdeen.sch.uk\/?attachment_id=8487'><img loading=\"lazy\" decoding=\"async\" width=\"600\" height=\"450\" src=\"https:\/\/st-peters.aberdeen.sch.uk\/wp-content\/uploads\/2017\/12\/IMG_4234.jpg\" class=\"attachment-large size-large\" alt=\"\" srcset=\"https:\/\/st-peters.aberdeen.sch.uk\/wp-content\/uploads\/2017\/12\/IMG_4234.jpg 600w, https:\/\/st-peters.aberdeen.sch.uk\/wp-content\/uploads\/2017\/12\/IMG_4234-300x225.jpg 300w\" sizes=\"auto, (max-width: 600px) 100vw, 600px\" \/><\/a>\n\t\t\t<\/div><\/figure><figure class='gallery-item'>\n\t\t\t<div class='gallery-icon landscape'>\n\t\t\t\t<a href='https:\/\/st-peters.aberdeen.sch.uk\/?attachment_id=8491'><img loading=\"lazy\" decoding=\"async\" width=\"600\" height=\"450\" src=\"https:\/\/st-peters.aberdeen.sch.uk\/wp-content\/uploads\/2017\/12\/IMG_4244.jpg\" class=\"attachment-large size-large\" alt=\"\" srcset=\"https:\/\/st-peters.aberdeen.sch.uk\/wp-content\/uploads\/2017\/12\/IMG_4244.jpg 600w, https:\/\/st-peters.aberdeen.sch.uk\/wp-content\/uploads\/2017\/12\/IMG_4244-300x225.jpg 300w\" sizes=\"auto, (max-width: 600px) 100vw, 600px\" \/><\/a>\n\t\t\t<\/div><\/figure><figure class='gallery-item'>\n\t\t\t<div class='gallery-icon landscape'>\n\t\t\t\t<a href='https:\/\/st-peters.aberdeen.sch.uk\/?attachment_id=8486'><img loading=\"lazy\" decoding=\"async\" width=\"600\" height=\"450\" src=\"https:\/\/st-peters.aberdeen.sch.uk\/wp-content\/uploads\/2017\/12\/IMG_4227.jpg\" class=\"attachment-large size-large\" alt=\"\" srcset=\"https:\/\/st-peters.aberdeen.sch.uk\/wp-content\/uploads\/2017\/12\/IMG_4227.jpg 600w, https:\/\/st-peters.aberdeen.sch.uk\/wp-content\/uploads\/2017\/12\/IMG_4227-300x225.jpg 300w\" sizes=\"auto, (max-width: 600px) 100vw, 600px\" \/><\/a>\n\t\t\t<\/div><\/figure><figure class='gallery-item'>\n\t\t\t<div class='gallery-icon portrait'>\n\t\t\t\t<a href='https:\/\/st-peters.aberdeen.sch.uk\/?attachment_id=8492'><img loading=\"lazy\" decoding=\"async\" width=\"450\" height=\"600\" src=\"https:\/\/st-peters.aberdeen.sch.uk\/wp-content\/uploads\/2017\/12\/IMG_4237.jpg\" class=\"attachment-large size-large\" alt=\"\" srcset=\"https:\/\/st-peters.aberdeen.sch.uk\/wp-content\/uploads\/2017\/12\/IMG_4237.jpg 450w, https:\/\/st-peters.aberdeen.sch.uk\/wp-content\/uploads\/2017\/12\/IMG_4237-225x300.jpg 225w\" sizes=\"auto, (max-width: 450px) 100vw, 450px\" \/><\/a>\n\t\t\t<\/div><\/figure>\n\t\t<\/div>\n\n<p>&nbsp;<\/p>\n<p>We can&#8217;t believe Christmas is just round the corner! Here&#8217;s an update on what we&#8217;ve been doing in P6\/7 Red.<\/p>\n<h1>Maths\u00a0by Victoria and Rachel<\/h1>\n<p>This year in maths we have been doing lots of interesting things including our decimals, percentages and fractions topic. We have also been working through shape, co-ordinates and rotational symmetry! Everyone in our class has enjoyed it and can explain what we have learned. We found a way to do well even when it got challenging.\u00a0 Many of the people in the class have made good progress and a lot of people have been understanding things a bit more than before.<\/p>\n<p>Overall in term 2 we had so much fun in maths!<\/p>\n<h1>Choir\/Music by Caleb and Julia<\/h1>\n<p>In choir we have been singing Christmas carols and practising for concerts at places like Saint Mary\u2019s Cathedral. We also sang at the annual blessing of the crib at St Nicholas Kirk.<\/p>\n<p><a href=\"https:\/\/st-peters.aberdeen.sch.uk\/wp-content\/uploads\/2017\/12\/IMG_4068-1.jpg\"><img loading=\"lazy\" decoding=\"async\" class=\"alignright  wp-image-8488\" src=\"https:\/\/st-peters.aberdeen.sch.uk\/wp-content\/uploads\/2017\/12\/IMG_4068-1-300x225.jpg\" alt=\"\" width=\"229\" height=\"174\" \/><\/a>Every Monday and Friday we practice singing hymns together. At music we all get a chance to play instruments such as the recorder and the ukelele.<\/p>\n<p>We all sing songs, traditional hymns or common songs. We did all this on top of learning all our panto songs and dances too! Great work!<\/p>\n<p>&nbsp;<\/p>\n<h1><\/h1>\n<h1>Art\u00a0by Slawek<\/h1>\n<p>In art, we have lots of fun. We try our best and get better and better with every lesson we have. Last week we were doing beautiful Christmas cards for our parents. These were handmade Christmas cards using crafts and patterns to make them stand out.<\/p>\n<p>In the season of Advent, we made kindness Advent calendars. When you open a window, it will have a kind thing you have to do everyday. This was a nice thing to do especially when Christmas can be a time when we are all so busy and can easily forget about the important things.<\/p>\n<h1>Health and Wellbeing\u00a0by Oscar<\/h1>\n<p>In term 2, a lot of our Health and Wellbeing work was linked to respecting and looking out for each other. In Anti-Bullying Week we looked into these important aspects of our school life even more closely. P6\/7 red took part in lots of activities about Anti-Bullying Week and created posters, word searches, homework activities as well as having class discussions based around anti-bullying and kindness.<br \/>\nThis year&#8217;s theme was &#8216;All different, all equal&#8217;<\/p>\n<h1>R.E &#8211; Advent\u00a0by Justin<\/h1>\n<p>P6\/7 red have been learning about Advent and the importance of it. It has been very fun and interesting. Our teacher, Mr McFadden, has made it even more exciting by adding an advent calendar (chocolate and a kindness one).<\/p>\n<p>We have been learning about the Advent wreath and how Advent is relevant to the birth of Jesus Christ. We have learnt about every part of the wreath and what it represents. For example the actual wreath is made up from evergreen and it\u2019s in a circle which represents how God\u2019s existence is eternal and how much he loves us. We also learned about what each candle represents; hope, peace, joy, love and the fifth candle representing Jesus, the light of the world.<\/p>\n<h1>Digital Technology\u00a0by Imdad<\/h1>\n<p>Our Digital Technology project was fun, interactive and enjoyable for everybody during class. It was enjoyable for the reason of many people knowing and liking the topic. The digital technology industry is growing and it is good for children to understand what they might take in for the future.<\/p>\n<p>Some of the things we learnt during our time studying digital technology were;<\/p>\n<p>&#8211; Learning about binary and how it was used.<br \/>\n&#8211; Different types of digital technology and that it wasn\u2019t just phones but our everyday equipment.<br \/>\n&#8211; Technology is always growing exponentially.<br \/>\n&#8211; Technology isn&#8217;t always electronic based.<\/p>\n<p>I think many people would like another topic like this. People enjoyed it since it was interactive and got everybody engaged.<\/p>\n<h1>Literacy\u00a0by Max<\/h1>\n<p>This term in P6\/7 red we took part in different types of literacy e.g reading comprehension, writing imaginative stories, reflective reading. We also learned in more depth about strategies writers use such as onomatopoeia, metaphors, similes and alliteration. For reading comprehension, we have a person or a subject and we get a piece of writing about it and then we read it over and at the end we get questions involving that subject. We still read at least 20 minutes each day and this is helping us to improve all our skills!<\/p>\n<h1>Our Christmas Party\u00a0by Nathan<\/h1>\n<p>Our class had a party on 19th December. We had a musical statue competition to win a prize and sweets! We danced to lots of different Christmas songs and socialised with our friends. Mr. McFadden let us use the wii and we had a Mario Kart race. We all had lots of fun at the party and thank the school and community for making it happen.<\/p>\n<h1>Cinderella and Rockerfella\u00a0by P6\/7 Red<\/h1>\n<p>We had a blast rehearsing and putting on our pantomime &#8211; &#8216;Cinderella and Rockerfella&#8217;! We put on two shows and a dress rehearsal which gave us lots of time on the stage to show what we can do! Our best moment from the panto was everyone being on stage together and taking in the applause from our parents and the school community. It made all the hard work worthwhile. Thank you to all our parents for supporting us in our preparation.<\/p>\n<div id='gallery-2' class='gallery galleryid-8156 gallery-columns-3 gallery-size-large'><figure class='gallery-item'>\n\t\t\t<div class='gallery-icon landscape'>\n\t\t\t\t<a href='https:\/\/st-peters.aberdeen.sch.uk\/?attachment_id=8490'><img loading=\"lazy\" decoding=\"async\" width=\"600\" height=\"450\" src=\"https:\/\/st-peters.aberdeen.sch.uk\/wp-content\/uploads\/2017\/12\/IMG_4251.jpg\" class=\"attachment-large size-large\" alt=\"\" srcset=\"https:\/\/st-peters.aberdeen.sch.uk\/wp-content\/uploads\/2017\/12\/IMG_4251.jpg 600w, https:\/\/st-peters.aberdeen.sch.uk\/wp-content\/uploads\/2017\/12\/IMG_4251-300x225.jpg 300w\" sizes=\"auto, (max-width: 600px) 100vw, 600px\" \/><\/a>\n\t\t\t<\/div><\/figure><figure class='gallery-item'>\n\t\t\t<div class='gallery-icon portrait'>\n\t\t\t\t<a href='https:\/\/st-peters.aberdeen.sch.uk\/?attachment_id=8493'><img loading=\"lazy\" decoding=\"async\" width=\"450\" height=\"600\" src=\"https:\/\/st-peters.aberdeen.sch.uk\/wp-content\/uploads\/2017\/12\/IMG_4248.jpg\" class=\"attachment-large size-large\" alt=\"\" srcset=\"https:\/\/st-peters.aberdeen.sch.uk\/wp-content\/uploads\/2017\/12\/IMG_4248.jpg 450w, https:\/\/st-peters.aberdeen.sch.uk\/wp-content\/uploads\/2017\/12\/IMG_4248-225x300.jpg 225w\" sizes=\"auto, (max-width: 450px) 100vw, 450px\" \/><\/a>\n\t\t\t<\/div><\/figure>\n\t\t<\/div>\n\n<p>Merry Christmas and a Happy New Year to everyone!\u00a0 Weso\u0142ych \u015awi\u0105t!<\/p>\n","protected":false},"excerpt":{"rendered":"<p>&nbsp; &nbsp; We can&#8217;t believe Christmas is just round the corner! Here&#8217;s an update on what we&#8217;ve been doing in<\/p>\n","protected":false},"author":2,"featured_media":8490,"comment_status":"closed","ping_status":"closed","sticky":false,"template":"","format":"standard","meta":{"colormag_page_container_layout":"default_layout","colormag_page_sidebar_layout":"default_layout","footnotes":""},"categories":[68,1],"tags":[],"class_list":["post-8156","post","type-post","status-publish","format-standard","has-post-thumbnail","hentry","category-p67-red","category-uncategorized"],"_links":{"self":[{"href":"https:\/\/st-peters.aberdeen.sch.uk\/index.php?rest_route=\/wp\/v2\/posts\/8156","targetHints":{"allow":["GET"]}}],"collection":[{"href":"https:\/\/st-peters.aberdeen.sch.uk\/index.php?rest_route=\/wp\/v2\/posts"}],"about":[{"href":"https:\/\/st-peters.aberdeen.sch.uk\/index.php?rest_route=\/wp\/v2\/types\/post"}],"author":[{"embeddable":true,"href":"https:\/\/st-peters.aberdeen.sch.uk\/index.php?rest_route=\/wp\/v2\/users\/2"}],"replies":[{"embeddable":true,"href":"https:\/\/st-peters.aberdeen.sch.uk\/index.php?rest_route=%2Fwp%2Fv2%2Fcomments&post=8156"}],"version-history":[{"count":4,"href":"https:\/\/st-peters.aberdeen.sch.uk\/index.php?rest_route=\/wp\/v2\/posts\/8156\/revisions"}],"predecessor-version":[{"id":8538,"href":"https:\/\/st-peters.aberdeen.sch.uk\/index.php?rest_route=\/wp\/v2\/posts\/8156\/revisions\/8538"}],"wp:featuredmedia":[{"embeddable":true,"href":"https:\/\/st-peters.aberdeen.sch.uk\/index.php?rest_route=\/wp\/v2\/media\/8490"}],"wp:attachment":[{"href":"https:\/\/st-peters.aberdeen.sch.uk\/index.php?rest_route=%2Fwp%2Fv2%2Fmedia&parent=8156"}],"wp:term":[{"taxonomy":"category","embeddable":true,"href":"https:\/\/st-peters.aberdeen.sch.uk\/index.php?rest_route=%2Fwp%2Fv2%2Fcategories&post=8156"},{"taxonomy":"post_tag","embeddable":true,"href":"https:\/\/st-peters.aberdeen.sch.uk\/index.php?rest_route=%2Fwp%2Fv2%2Ftags&post=8156"}],"curies":[{"name":"wp","href":"https:\/\/api.w.org\/{rel}","templated":true}]}}